[{"@context":"https:\/\/schema.org\/","@type":"Article","@id":"https:\/\/www.chequepoint.cz\/mensi-znamena-vetsi-aneb-minikabelky-prichazeji-do-mody\/#Article","mainEntityOfPage":"https:\/\/www.chequepoint.cz\/mensi-znamena-vetsi-aneb-minikabelky-prichazeji-do-mody\/","headline":"Men\u0161\u00ed znamen\u00e1 v\u011bt\u0161\u00ed aneb minikabelky p\u0159ich\u00e1zej\u00ed do m\u00f3dy","name":"Men\u0161\u00ed znamen\u00e1 v\u011bt\u0161\u00ed aneb minikabelky p\u0159ich\u00e1zej\u00ed do m\u00f3dy","description":"Soci\u00e1ln\u00ed m\u00e9dia jsou v sou\u010dasn\u00e9 dob\u011b jedn\u00edm z\u00a0hlavn\u00edch hybatel\u016f m\u00f3dn\u00edch trend\u016f, nap\u0159\u00edklad v podob\u011b minikabelek. Kabelky ale rozhodn\u011b nejsou jedin\u00fdm dopl\u0148kem, kter\u00fd je podrobov\u00e1n minimalizaci. Men\u0161\u00ed slune\u010dn\u00ed br\u00fdle a podpatky...","datePublished":"2018-02-19","dateModified":"2023-05-01","author":{"@type":"Person","@id":"https:\/\/www.chequepoint.cz\/author\/#Person","name":"","url":"https:\/\/www.chequepoint.cz\/author\/","identifier":1,"image":{"@type":"ImageObject","@id":"https:\/\/secure.gravatar.com\/avatar\/614460c3109f6ef46730ae87c5e2be623f574940fabcec1214dc0d8d5af688cf?s=96&d=mm&r=g","url":"https:\/\/secure.gravatar.com\/avatar\/614460c3109f6ef46730ae87c5e2be623f574940fabcec1214dc0d8d5af688cf?s=96&d=mm&r=g","height":96,"width":96}},"publisher":{"@type":"Organization","name":"chequepoint.cz","logo":{"@type":"ImageObject","@id":"\/logo.png","url":"\/logo.png","width":600,"height":60}},"image":{"@type":"ImageObject","@id":"https:\/\/www.chequepoint.cz\/wp-content\/uploads\/img_a313443_w2552_t1524167173.jpg","url":"https:\/\/www.chequepoint.cz\/wp-content\/uploads\/img_a313443_w2552_t1524167173.jpg","height":0,"width":0},"url":"https:\/\/www.chequepoint.cz\/mensi-znamena-vetsi-aneb-minikabelky-prichazeji-do-mody\/","about":["Z\u00e1bava"],"wordCount":394,"articleBody":"Soci\u00e1ln\u00ed m\u00e9dia jsou v sou\u010dasn\u00e9 dob\u011b jedn\u00edm z\u00a0hlavn\u00edch hybatel\u016f m\u00f3dn\u00edch trend\u016f, nap\u0159\u00edklad v podob\u011b minikabelek. Kabelky ale rozhodn\u011b nejsou jedin\u00fdm dopl\u0148kem, kter\u00fd je podrobov\u00e1n minimalizaci. Men\u0161\u00ed slune\u010dn\u00ed br\u00fdle a podpatky se rovn\u011b\u017e \u0159ad\u00ed mezi nejv\u00fdznamn\u011bj\u0161\u00ed hity m\u00f3dn\u00edch kolekc\u00ed pro jaro a l\u00e9to leto\u0161n\u00edho roku.Sn\u00edmky s tenk\u00fdmi slune\u010dn\u00edmi br\u00fdlemi ve tvaru ko\u010di\u010d\u00edch o\u010d\u00ed, kter\u00e9 si obl\u00edbila nap\u0159\u00edklad modelka Kendall Jenner, ji\u017e zaplnily soci\u00e1ln\u00ed s\u00ed\u0165 Instagram. A \u017eeny mezit\u00edm vym\u011b\u0148uj\u00ed sv\u00e9 podpatky za men\u0161\u00ed. Stejn\u011b jako jindy, i v tomto p\u0159\u00edpad\u011b maj\u00ed hlavn\u00ed pod\u00edl na tomto m\u00f3dn\u00edm trendu soci\u00e1ln\u00ed m\u00e9dia, a to z jednoho prost\u00e9ho d\u016fvodu. Dopl\u0148ky o men\u0161\u00ed velikosti se toti\u017e sn\u00e1ze fotografuj\u00ed a stylist\u00e9 rovn\u011b\u017e d\u00e1vaj\u00ed p\u0159ednost focen\u00ed d\u00e1msk\u00fdch bot v ni\u017e\u0161\u00edch velikostech.Je to v\u0161ak sv\u011bt kabelek, kde se nov\u00fd trend v podob\u011b minimalismu prosazuje nejv\u00edce. Jak Zara, tak i Topshop zaznamenaly n\u00e1r\u016fst prodeje men\u0161\u00edch kabelek. Vysoce popt\u00e1vanou se v tomto sm\u011bru stal model Le Sac Chiquito od francouzsk\u00e9ho n\u00e1vrh\u00e1\u0159e Jacquema, jednoho z nejv\u00fdznamn\u011bj\u0161\u00edch nov\u00fdch jmen ve sv\u011bt\u011b m\u00f3dy, o kter\u00fd se strhl neb\u00fdval\u00fd z\u00e1jem pot\u00e9, co s n\u00edm byla spat\u0159ena sv\u011btozn\u00e1m\u00e1 zp\u011bva\u010dka Rihanna. Naopak minikabelka od zna\u010dky Fendi, no\u0161en\u00e1 modelkou Gigi Hadid, u n\u00ed\u017e byla zpozorov\u00e1na letos v \u00fanoru, se od t\u00e9 doby ji\u017e vyprodala.Sara McAlpineov\u00e1, redaktorka m\u00f3dn\u00edho \u010dasopisu Elle, popisuje nositelky t\u011bchto kabelek jako &#8222;\u017eeny vystupuj\u00edc\u00ed z tax\u00edku na okraj chodn\u00edku (z angl. cab-to-kerb woman), kter\u00e9 se pohybuj\u00ed pouze mezi kancel\u00e1\u0159\u00ed a m\u00edsty sv\u00fdch sch\u016fzek&#8220;. Nemaj\u00ed ne sob\u011b make-up, ale maj\u00ed z\u00e1jem udr\u017eet si sv\u016fj ka\u017edodenn\u00ed vzhled a p\u016fsobit dojmem, \u017ee maj\u00ed v\u0161e pod kontrolou, a\u010dkoliv nemus\u00ed m\u00edt.Minikabelky jsou tak\u00e9 znamen\u00edm, \u017ee m\u00f3dn\u00ed trendy jsou reakc\u00ed na ty hospod\u00e1\u0159sk\u00e9, v tomto p\u0159\u00edpad\u011b p\u0159edstavovan\u00e9 digit\u00e1ln\u00edmi platbami a debetn\u00edmi kartami na vzestupu, od nich\u017e se o\u010dek\u00e1v\u00e1, \u017ee v brzk\u00e9 dob\u011b zcela nahrad\u00ed klasick\u00e9 hotovostn\u00ed platby.                                                                                                                                                                                                                                                                                                                                                                                        4.6\/5 - (9 votes)        "},{"@context":"https:\/\/schema.org\/","@type":"BreadcrumbList","itemListElement":[{"@type":"ListItem","position":1,"name":"Men\u0161\u00ed znamen\u00e1 v\u011bt\u0161\u00ed aneb minikabelky p\u0159ich\u00e1zej\u00ed do m\u00f3dy","item":"https:\/\/www.chequepoint.cz\/mensi-znamena-vetsi-aneb-minikabelky-prichazeji-do-mody\/#breadcrumbitem"}]}]